{"id":2529,"date":"2026-02-03T12:00:14","date_gmt":"2026-02-03T11:00:14","guid":{"rendered":"https:\/\/svs-vertrieb.de\/home\/?p=2529"},"modified":"2026-02-03T13:34:55","modified_gmt":"2026-02-03T12:34:55","slug":"solis-praesentiert-kompakte-kaffeekunst-lifestyle-neuheiten-auf-ambiente-und-koop","status":"publish","type":"post","link":"https:\/\/svs-vertrieb.de\/home\/news\/medieninformation\/solis-praesentiert-kompakte-kaffeekunst-lifestyle-neuheiten-auf-ambiente-und-koop\/","title":{"rendered":"Solis pr\u00e4sentiert kompakte Kaffeekunst &#038; Lifestyle Neuheiten auf Ambiente und KOOP"},"content":{"rendered":"<p>Mit hochwertigen Kaffeevollautomaten, neuen Fun-Cooking-L\u00f6sungen und frischen Impulsen im Beauty-Segment pr\u00e4sentiert sich Solis in diesem Jahr auf gleich zwei Leitmessen des Handels: der Ambiente in Frankfurt (6.-10. Februar) sowie der neuen KOOP in Hannover (1.-2. M\u00e4rz), der gemeinsamen Ordermesse von EURONICS und expert.<\/p>\n<p>Im Mittelpunkt bei Solis, dem Erfinder des Kaffeevollautomaten, steht der neue kompakte Kaffeevollautomat <strong>Solis Masterbrew Compact<\/strong>. Dieser richtet sich an alle, die bei wenig Platz nicht auf Qualit\u00e4t verzichten m\u00f6chten. Mit integriertem Mahlwerk, Milchaufsch\u00e4umer, programmierbaren Einstellungen und nur 18\u202fcm Breite ist er ein flexibler Begleiter f\u00fcr K\u00fcche, B\u00fcro und Homeoffice.<\/p>\n<p><strong>Andrej Ganski, Gesch\u00e4ftsf\u00fchrer der SVS<\/strong>, die Solis exklusiv in Deutschland vertritt: \u201eMit dem Masterbrew Compact treffen wir einen Nerv des Marktes: kompakter Genuss, einfach in der Handhabung, aber mit echtem Barista-Erlebnis. Wir freuen uns, diese Neuheit auf beiden Messen einem breiten Fachpublikum vorstellen zu k\u00f6nnen.\u201c<\/p>\n<p>Neben dem kompakten Neuzugang zeigt das Unternehmen sein innovatives Flaggschiff <strong>Solis Barista Gran Gusto<\/strong>, eine halbautomatische Espressomaschine mit 58-mm-Profi-Siebtr\u00e4ger, 15-bar-Pumpe, Vorinfusion und umfangreicher Ausstattung f\u00fcr anspruchsvolle Kaffeeliebhaber.<\/p>\n<p><span style=\"text-decoration: underline;\">Erg\u00e4nzt wird das Messeportfolio durch weitere Neuheiten:<\/span><\/p>\n<ul>\n<li>den <strong>Solis Vac Stick<\/strong> \u2013 ein akkubetriebenes, kompaktes und leistungsstarkes Vakuumierger\u00e4t mit USB-Ladefunktion, Fl\u00fcssigkeitsschutz und breiter Kompatibilit\u00e4t, ideal f\u00fcr Vorratshaltung und Platzersparnis in der K\u00fcche.<\/li>\n<li>die neue<strong> Solis Airvolution-Serie<\/strong> im Bereich Beauty \u2013 mit leistungsstarken Haartrocknern f\u00fcr professionelles Styling unterwegs und zuhause<\/li>\n<\/ul>\n<p><span style=\"text-decoration: underline;\"><br \/>\nSolis live erleben:<\/span><\/p>\n<p>Bestehende und potenzielle Handelspartner sind herzlich eingeladen am gemeinsamen Solis \/ SVS Messestand bei einer frisch zubereiteten Solis Kaffee-Kreation \u00fcber die weitere Zusammenarbeit zu sprechen.<\/p>\n<p><strong>Ambiente Frankfurt\u2028<\/strong><br \/>\n6. &#8211; 10. Februar 2026<br \/>\nMesse Frankfurt \u2013 Halle 8, Stand K83<\/p>\n<p><strong>KOOP Hannover<\/strong><br \/>\nGemeinsame Kooperations- &amp; Ordermesse von EURONICS und expert<br \/>\n1. &#8211; 2. M\u00e4rz 2026<br \/>\nMesse Hannover \u2013 Halle 9, Stand D25<\/p>\n","protected":false},"excerpt":{"rendered":"<p>Mit hochwertigen Kaffeevollautomaten, neuen Fun-Cooking-L\u00f6sungen und frischen Impulsen im Beauty-Segment pr\u00e4sentiert sich Solis in diesem Jahr auf gleich zwei Leitmessen des Handels: der Ambiente in Frankfurt (6.-10. Februar) sowie der neuen KOOP in Hannover (1.-2. M\u00e4rz), der gemeinsamen Ordermesse von EURONICS und expert. Im Mittelpunkt bei Solis, dem Erfinder des Kaffeevollautomaten, steht der neue kompakte [&hellip;]<\/p>\n","protected":false},"author":1,"featured_media":0,"comment_status":"open","ping_status":"open","sticky":false,"template":"","format":"standard","meta":{"_acf_changed":false,"inline_featured_image":false,"footnotes":""},"categories":[10],"tags":[],"class_list":["post-2529","post","type-post","status-publish","format-standard","hentry","category-medieninformation"],"acf":[],"yoast_head":"<!-- This site is optimized with the Yoast SEO plugin v27.2 - https:\/\/yoast.com\/product\/yoast-seo-wordpress\/ -->\n<title>Solis pr\u00e4sentiert kompakte Kaffeekunst &amp; Lifestyle Neuheiten auf Ambiente und KOOP - SVS \u2013 Vertrieb &amp; Service aus Leidenschaft<\/title>\n<meta name=\"robots\" content=\"index, follow, max-snippet:-1, max-image-preview:large, max-video-preview:-1\" \/>\n<link rel=\"canonical\" href=\"https:\/\/svs-vertrieb.de\/home\/news\/medieninformation\/solis-praesentiert-kompakte-kaffeekunst-lifestyle-neuheiten-auf-ambiente-und-koop\/\" \/>\n<meta property=\"og:locale\" content=\"de_DE\" \/>\n<meta property=\"og:type\" content=\"article\" \/>\n<meta property=\"og:title\" content=\"Solis pr\u00e4sentiert kompakte Kaffeekunst &amp; Lifestyle Neuheiten auf Ambiente und KOOP - SVS \u2013 Vertrieb &amp; Service aus Leidenschaft\" \/>\n<meta property=\"og:description\" content=\"Mit hochwertigen Kaffeevollautomaten, neuen Fun-Cooking-L\u00f6sungen und frischen Impulsen im Beauty-Segment pr\u00e4sentiert sich Solis in diesem Jahr auf gleich zwei Leitmessen des Handels: der Ambiente in Frankfurt (6.-10. Februar) sowie der neuen KOOP in Hannover (1.-2. M\u00e4rz), der gemeinsamen Ordermesse von EURONICS und expert. Im Mittelpunkt bei Solis, dem Erfinder des Kaffeevollautomaten, steht der neue kompakte [&hellip;]\" \/>\n<meta property=\"og:url\" content=\"https:\/\/svs-vertrieb.de\/home\/news\/medieninformation\/solis-praesentiert-kompakte-kaffeekunst-lifestyle-neuheiten-auf-ambiente-und-koop\/\" \/>\n<meta property=\"og:site_name\" content=\"SVS \u2013 Vertrieb &amp; Service aus Leidenschaft\" \/>\n<meta property=\"article:published_time\" content=\"2026-02-03T11:00:14+00:00\" \/>\n<meta property=\"article:modified_time\" content=\"2026-02-03T12:34:55+00:00\" \/>\n<meta name=\"author\" content=\"morgentreu\" \/>\n<meta name=\"twitter:card\" content=\"summary_large_image\" \/>\n<meta name=\"twitter:label1\" content=\"Verfasst von\" \/>\n\t<meta name=\"twitter:data1\" content=\"morgentreu\" \/>\n\t<meta name=\"twitter:label2\" content=\"Gesch\u00e4tzte Lesezeit\" \/>\n\t<meta name=\"twitter:data2\" content=\"2\u00a0Minuten\" \/>\n<script type=\"application\/ld+json\" class=\"yoast-schema-graph\">{\"@context\":\"https:\/\/schema.org\",\"@graph\":[{\"@type\":\"Article\",\"@id\":\"https:\/\/svs-vertrieb.de\/home\/news\/medieninformation\/solis-praesentiert-kompakte-kaffeekunst-lifestyle-neuheiten-auf-ambiente-und-koop\/#article\",\"isPartOf\":{\"@id\":\"https:\/\/svs-vertrieb.de\/home\/news\/medieninformation\/solis-praesentiert-kompakte-kaffeekunst-lifestyle-neuheiten-auf-ambiente-und-koop\/\"},\"author\":{\"name\":\"morgentreu\",\"@id\":\"https:\/\/svs-vertrieb.de\/home\/#\/schema\/person\/22d41bc3652991d4ed9b56b9437006ba\"},\"headline\":\"Solis pr\u00e4sentiert kompakte Kaffeekunst &#038; Lifestyle Neuheiten auf Ambiente und KOOP\",\"datePublished\":\"2026-02-03T11:00:14+00:00\",\"dateModified\":\"2026-02-03T12:34:55+00:00\",\"mainEntityOfPage\":{\"@id\":\"https:\/\/svs-vertrieb.de\/home\/news\/medieninformation\/solis-praesentiert-kompakte-kaffeekunst-lifestyle-neuheiten-auf-ambiente-und-koop\/\"},\"wordCount\":298,\"commentCount\":0,\"articleSection\":[\"Medieninformation\"],\"inLanguage\":\"de\",\"potentialAction\":[{\"@type\":\"CommentAction\",\"name\":\"Comment\",\"target\":[\"https:\/\/svs-vertrieb.de\/home\/news\/medieninformation\/solis-praesentiert-kompakte-kaffeekunst-lifestyle-neuheiten-auf-ambiente-und-koop\/#respond\"]}]},{\"@type\":\"WebPage\",\"@id\":\"https:\/\/svs-vertrieb.de\/home\/news\/medieninformation\/solis-praesentiert-kompakte-kaffeekunst-lifestyle-neuheiten-auf-ambiente-und-koop\/\",\"url\":\"https:\/\/svs-vertrieb.de\/home\/news\/medieninformation\/solis-praesentiert-kompakte-kaffeekunst-lifestyle-neuheiten-auf-ambiente-und-koop\/\",\"name\":\"Solis pr\u00e4sentiert kompakte Kaffeekunst & Lifestyle Neuheiten auf Ambiente und KOOP - SVS \u2013 Vertrieb &amp; Service aus Leidenschaft\",\"isPartOf\":{\"@id\":\"https:\/\/svs-vertrieb.de\/home\/#website\"},\"datePublished\":\"2026-02-03T11:00:14+00:00\",\"dateModified\":\"2026-02-03T12:34:55+00:00\",\"author\":{\"@id\":\"https:\/\/svs-vertrieb.de\/home\/#\/schema\/person\/22d41bc3652991d4ed9b56b9437006ba\"},\"breadcrumb\":{\"@id\":\"https:\/\/svs-vertrieb.de\/home\/news\/medieninformation\/solis-praesentiert-kompakte-kaffeekunst-lifestyle-neuheiten-auf-ambiente-und-koop\/#breadcrumb\"},\"inLanguage\":\"de\",\"potentialAction\":[{\"@type\":\"ReadAction\",\"target\":[\"https:\/\/svs-vertrieb.de\/home\/news\/medieninformation\/solis-praesentiert-kompakte-kaffeekunst-lifestyle-neuheiten-auf-ambiente-und-koop\/\"]}]},{\"@type\":\"BreadcrumbList\",\"@id\":\"https:\/\/svs-vertrieb.de\/home\/news\/medieninformation\/solis-praesentiert-kompakte-kaffeekunst-lifestyle-neuheiten-auf-ambiente-und-koop\/#breadcrumb\",\"itemListElement\":[{\"@type\":\"ListItem\",\"position\":1,\"name\":\"Home\",\"item\":\"https:\/\/svs-vertrieb.de\/home\/\"},{\"@type\":\"ListItem\",\"position\":2,\"name\":\"Solis pr\u00e4sentiert kompakte Kaffeekunst &#038; Lifestyle Neuheiten auf Ambiente und KOOP\"}]},{\"@type\":\"WebSite\",\"@id\":\"https:\/\/svs-vertrieb.de\/home\/#website\",\"url\":\"https:\/\/svs-vertrieb.de\/home\/\",\"name\":\"SVS \u2013 Vertrieb &amp; Service aus Leidenschaft\",\"description\":\"Full-Service f\u00fcr den Fachhandel &amp; 360\u00b0 E-Commerce Partner f\u00fcr Marken\",\"potentialAction\":[{\"@type\":\"SearchAction\",\"target\":{\"@type\":\"EntryPoint\",\"urlTemplate\":\"https:\/\/svs-vertrieb.de\/home\/?s={search_term_string}\"},\"query-input\":{\"@type\":\"PropertyValueSpecification\",\"valueRequired\":true,\"valueName\":\"search_term_string\"}}],\"inLanguage\":\"de\"},{\"@type\":\"Person\",\"@id\":\"https:\/\/svs-vertrieb.de\/home\/#\/schema\/person\/22d41bc3652991d4ed9b56b9437006ba\",\"name\":\"morgentreu\",\"image\":{\"@type\":\"ImageObject\",\"inLanguage\":\"de\",\"@id\":\"https:\/\/secure.gravatar.com\/avatar\/ac61b4ce68328db91323bfd3a0c31bb73b9dc1f1ec3bc76f18cf78afab52e08e?s=96&r=g\",\"url\":\"https:\/\/secure.gravatar.com\/avatar\/ac61b4ce68328db91323bfd3a0c31bb73b9dc1f1ec3bc76f18cf78afab52e08e?s=96&r=g\",\"contentUrl\":\"https:\/\/secure.gravatar.com\/avatar\/ac61b4ce68328db91323bfd3a0c31bb73b9dc1f1ec3bc76f18cf78afab52e08e?s=96&r=g\",\"caption\":\"morgentreu\"},\"sameAs\":[\"http:\/\/lmmi.de\"],\"url\":\"https:\/\/svs-vertrieb.de\/home\/author\/morgentreu\/\"}]}<\/script>\n<!-- \/ Yoast SEO plugin. -->","yoast_head_json":{"title":"Solis pr\u00e4sentiert kompakte Kaffeekunst & Lifestyle Neuheiten auf Ambiente und KOOP - SVS \u2013 Vertrieb &amp; Service aus Leidenschaft","robots":{"index":"index","follow":"follow","max-snippet":"max-snippet:-1","max-image-preview":"max-image-preview:large","max-video-preview":"max-video-preview:-1"},"canonical":"https:\/\/svs-vertrieb.de\/home\/news\/medieninformation\/solis-praesentiert-kompakte-kaffeekunst-lifestyle-neuheiten-auf-ambiente-und-koop\/","og_locale":"de_DE","og_type":"article","og_title":"Solis pr\u00e4sentiert kompakte Kaffeekunst & Lifestyle Neuheiten auf Ambiente und KOOP - SVS \u2013 Vertrieb &amp; Service aus Leidenschaft","og_description":"Mit hochwertigen Kaffeevollautomaten, neuen Fun-Cooking-L\u00f6sungen und frischen Impulsen im Beauty-Segment pr\u00e4sentiert sich Solis in diesem Jahr auf gleich zwei Leitmessen des Handels: der Ambiente in Frankfurt (6.-10. Februar) sowie der neuen KOOP in Hannover (1.-2. M\u00e4rz), der gemeinsamen Ordermesse von EURONICS und expert. Im Mittelpunkt bei Solis, dem Erfinder des Kaffeevollautomaten, steht der neue kompakte [&hellip;]","og_url":"https:\/\/svs-vertrieb.de\/home\/news\/medieninformation\/solis-praesentiert-kompakte-kaffeekunst-lifestyle-neuheiten-auf-ambiente-und-koop\/","og_site_name":"SVS \u2013 Vertrieb &amp; Service aus Leidenschaft","article_published_time":"2026-02-03T11:00:14+00:00","article_modified_time":"2026-02-03T12:34:55+00:00","author":"morgentreu","twitter_card":"summary_large_image","twitter_misc":{"Verfasst von":"morgentreu","Gesch\u00e4tzte Lesezeit":"2\u00a0Minuten"},"schema":{"@context":"https:\/\/schema.org","@graph":[{"@type":"Article","@id":"https:\/\/svs-vertrieb.de\/home\/news\/medieninformation\/solis-praesentiert-kompakte-kaffeekunst-lifestyle-neuheiten-auf-ambiente-und-koop\/#article","isPartOf":{"@id":"https:\/\/svs-vertrieb.de\/home\/news\/medieninformation\/solis-praesentiert-kompakte-kaffeekunst-lifestyle-neuheiten-auf-ambiente-und-koop\/"},"author":{"name":"morgentreu","@id":"https:\/\/svs-vertrieb.de\/home\/#\/schema\/person\/22d41bc3652991d4ed9b56b9437006ba"},"headline":"Solis pr\u00e4sentiert kompakte Kaffeekunst &#038; Lifestyle Neuheiten auf Ambiente und KOOP","datePublished":"2026-02-03T11:00:14+00:00","dateModified":"2026-02-03T12:34:55+00:00","mainEntityOfPage":{"@id":"https:\/\/svs-vertrieb.de\/home\/news\/medieninformation\/solis-praesentiert-kompakte-kaffeekunst-lifestyle-neuheiten-auf-ambiente-und-koop\/"},"wordCount":298,"commentCount":0,"articleSection":["Medieninformation"],"inLanguage":"de","potentialAction":[{"@type":"CommentAction","name":"Comment","target":["https:\/\/svs-vertrieb.de\/home\/news\/medieninformation\/solis-praesentiert-kompakte-kaffeekunst-lifestyle-neuheiten-auf-ambiente-und-koop\/#respond"]}]},{"@type":"WebPage","@id":"https:\/\/svs-vertrieb.de\/home\/news\/medieninformation\/solis-praesentiert-kompakte-kaffeekunst-lifestyle-neuheiten-auf-ambiente-und-koop\/","url":"https:\/\/svs-vertrieb.de\/home\/news\/medieninformation\/solis-praesentiert-kompakte-kaffeekunst-lifestyle-neuheiten-auf-ambiente-und-koop\/","name":"Solis pr\u00e4sentiert kompakte Kaffeekunst & Lifestyle Neuheiten auf Ambiente und KOOP - SVS \u2013 Vertrieb &amp; Service aus Leidenschaft","isPartOf":{"@id":"https:\/\/svs-vertrieb.de\/home\/#website"},"datePublished":"2026-02-03T11:00:14+00:00","dateModified":"2026-02-03T12:34:55+00:00","author":{"@id":"https:\/\/svs-vertrieb.de\/home\/#\/schema\/person\/22d41bc3652991d4ed9b56b9437006ba"},"breadcrumb":{"@id":"https:\/\/svs-vertrieb.de\/home\/news\/medieninformation\/solis-praesentiert-kompakte-kaffeekunst-lifestyle-neuheiten-auf-ambiente-und-koop\/#breadcrumb"},"inLanguage":"de","potentialAction":[{"@type":"ReadAction","target":["https:\/\/svs-vertrieb.de\/home\/news\/medieninformation\/solis-praesentiert-kompakte-kaffeekunst-lifestyle-neuheiten-auf-ambiente-und-koop\/"]}]},{"@type":"BreadcrumbList","@id":"https:\/\/svs-vertrieb.de\/home\/news\/medieninformation\/solis-praesentiert-kompakte-kaffeekunst-lifestyle-neuheiten-auf-ambiente-und-koop\/#breadcrumb","itemListElement":[{"@type":"ListItem","position":1,"name":"Home","item":"https:\/\/svs-vertrieb.de\/home\/"},{"@type":"ListItem","position":2,"name":"Solis pr\u00e4sentiert kompakte Kaffeekunst &#038; Lifestyle Neuheiten auf Ambiente und KOOP"}]},{"@type":"WebSite","@id":"https:\/\/svs-vertrieb.de\/home\/#website","url":"https:\/\/svs-vertrieb.de\/home\/","name":"SVS \u2013 Vertrieb &amp; Service aus Leidenschaft","description":"Full-Service f\u00fcr den Fachhandel &amp; 360\u00b0 E-Commerce Partner f\u00fcr Marken","potentialAction":[{"@type":"SearchAction","target":{"@type":"EntryPoint","urlTemplate":"https:\/\/svs-vertrieb.de\/home\/?s={search_term_string}"},"query-input":{"@type":"PropertyValueSpecification","valueRequired":true,"valueName":"search_term_string"}}],"inLanguage":"de"},{"@type":"Person","@id":"https:\/\/svs-vertrieb.de\/home\/#\/schema\/person\/22d41bc3652991d4ed9b56b9437006ba","name":"morgentreu","image":{"@type":"ImageObject","inLanguage":"de","@id":"https:\/\/secure.gravatar.com\/avatar\/ac61b4ce68328db91323bfd3a0c31bb73b9dc1f1ec3bc76f18cf78afab52e08e?s=96&r=g","url":"https:\/\/secure.gravatar.com\/avatar\/ac61b4ce68328db91323bfd3a0c31bb73b9dc1f1ec3bc76f18cf78afab52e08e?s=96&r=g","contentUrl":"https:\/\/secure.gravatar.com\/avatar\/ac61b4ce68328db91323bfd3a0c31bb73b9dc1f1ec3bc76f18cf78afab52e08e?s=96&r=g","caption":"morgentreu"},"sameAs":["http:\/\/lmmi.de"],"url":"https:\/\/svs-vertrieb.de\/home\/author\/morgentreu\/"}]}},"_links":{"self":[{"href":"https:\/\/svs-vertrieb.de\/home\/wp-json\/wp\/v2\/posts\/2529","targetHints":{"allow":["GET"]}}],"collection":[{"href":"https:\/\/svs-vertrieb.de\/home\/wp-json\/wp\/v2\/posts"}],"about":[{"href":"https:\/\/svs-vertrieb.de\/home\/wp-json\/wp\/v2\/types\/post"}],"author":[{"embeddable":true,"href":"https:\/\/svs-vertrieb.de\/home\/wp-json\/wp\/v2\/users\/1"}],"replies":[{"embeddable":true,"href":"https:\/\/svs-vertrieb.de\/home\/wp-json\/wp\/v2\/comments?post=2529"}],"version-history":[{"count":1,"href":"https:\/\/svs-vertrieb.de\/home\/wp-json\/wp\/v2\/posts\/2529\/revisions"}],"predecessor-version":[{"id":2530,"href":"https:\/\/svs-vertrieb.de\/home\/wp-json\/wp\/v2\/posts\/2529\/revisions\/2530"}],"wp:attachment":[{"href":"https:\/\/svs-vertrieb.de\/home\/wp-json\/wp\/v2\/media?parent=2529"}],"wp:term":[{"taxonomy":"category","embeddable":true,"href":"https:\/\/svs-vertrieb.de\/home\/wp-json\/wp\/v2\/categories?post=2529"},{"taxonomy":"post_tag","embeddable":true,"href":"https:\/\/svs-vertrieb.de\/home\/wp-json\/wp\/v2\/tags?post=2529"}],"curies":[{"name":"wp","href":"https:\/\/api.w.org\/{rel}","templated":true}]}}