{"id":2630,"date":"2026-04-22T14:23:07","date_gmt":"2026-04-22T12:23:07","guid":{"rendered":"https:\/\/svs-vertrieb.de\/home\/?p=2630"},"modified":"2026-04-22T14:25:58","modified_gmt":"2026-04-22T12:25:58","slug":"neue-stylingloesungen-von-solis-fuer-modernes-haarstyling","status":"publish","type":"post","link":"https:\/\/svs-vertrieb.de\/home\/news\/neue-stylingloesungen-von-solis-fuer-modernes-haarstyling\/","title":{"rendered":"Neue Stylingl\u00f6sungen von Solis f\u00fcr modernes Haarstyling"},"content":{"rendered":"\t\t<div data-elementor-type=\"wp-post\" data-elementor-id=\"2630\" class=\"elementor elementor-2630\" data-elementor-post-type=\"post\">\n\t\t\t\t\t\t<section class=\"elementor-section elementor-top-section elementor-element elementor-element-ba4a291 elementor-section-boxed elementor-section-height-default elementor-section-height-default\" data-id=\"ba4a291\" data-element_type=\"section\" data-e-type=\"section\">\n\t\t\t\t\t\t<div class=\"elementor-container elementor-column-gap-default\">\n\t\t\t\t\t<div class=\"elementor-column elementor-col-100 elementor-top-column elementor-element elementor-element-9bc1ed7\" data-id=\"9bc1ed7\" data-element_type=\"column\" data-e-type=\"column\">\n\t\t\t<div class=\"elementor-widget-wrap elementor-element-populated\">\n\t\t\t\t\t\t<div class=\"elementor-element elementor-element-3e018bd elementor-widget elementor-widget-text-editor\" data-id=\"3e018bd\" data-element_type=\"widget\" data-e-type=\"widget\" data-widget_type=\"text-editor.default\">\n\t\t\t\t<div class=\"elementor-widget-container\">\n\t\t\t\t\t\t\t\t\t<p data-start=\"202\" data-end=\"441\">Multifunktionalit\u00e4t, Zeitersparnis und einfache Anwendung \u2013 genau diese Anforderungen pr\u00e4gen aktuell die Nachfrage im Haarstyling. Gleichzeitig legen Kunden zunehmend Wert auf hochwertige Verarbeitung und zuverl\u00e4ssige Ergebnisse im Alltag.<\/p><p data-start=\"443\" data-end=\"661\">Mit den neuen <a href=\"https:\/\/www.svs-vertrieb.de\/Suche_stylevolution\">Solis StyleVolution<\/a> Produkten erweitert Solis das Sortiment um zwei durchdachte Stylingl\u00f6sungen, die genau diese Anforderungen gezielt aufgreifen und unterschiedliche Bed\u00fcrfnisse im Styling klar abdecken.<\/p>\t\t\t\t\t\t\t\t<\/div>\n\t\t\t\t<\/div>\n\t\t\t\t<div class=\"elementor-element elementor-element-9ecccf9 elementor-widget elementor-widget-heading\" data-id=\"9ecccf9\" data-element_type=\"widget\" data-e-type=\"widget\" data-widget_type=\"heading.default\">\n\t\t\t\t<div class=\"elementor-widget-container\">\n\t\t\t\t\t<h2 class=\"elementor-heading-title elementor-size-default\">Solis StyleVolution Multi: Vielseitigkeit neu gedacht<\/h2>\t\t\t\t<\/div>\n\t\t\t\t<\/div>\n\t\t\t\t<section class=\"elementor-section elementor-inner-section elementor-element elementor-element-021e746 elementor-section-boxed elementor-section-height-default elementor-section-height-default\" data-id=\"021e746\" data-element_type=\"section\" data-e-type=\"section\">\n\t\t\t\t\t\t<div class=\"elementor-container elementor-column-gap-default\">\n\t\t\t\t\t<div class=\"elementor-column elementor-col-50 elementor-inner-column elementor-element elementor-element-28de1a8\" data-id=\"28de1a8\" data-element_type=\"column\" data-e-type=\"column\">\n\t\t\t<div class=\"elementor-widget-wrap elementor-element-populated\">\n\t\t\t\t\t\t<div class=\"elementor-element elementor-element-d4b173c elementor-widget elementor-widget-text-editor\" data-id=\"d4b173c\" data-element_type=\"widget\" data-e-type=\"widget\" data-widget_type=\"text-editor.default\">\n\t\t\t\t<div class=\"elementor-widget-container\">\n\t\t\t\t\t\t\t\t\t<p data-start=\"724\" data-end=\"956\">Der <a href=\"https:\/\/www.svs-vertrieb.de\/art-S0335\">Solis StyleVolution Multi<\/a> vereint Trocknen, Gl\u00e4tten, Locken und Volumenstyling in einem 8-in-1 System. F\u00fcr Anwender bedeutet das: ein Ger\u00e4t, das mehrere Anwendungen ersetzt und gleichzeitig Platz, Zeit und Aufwand im Alltag reduziert.<\/p><p data-start=\"958\" data-end=\"1126\">Individuelle Temperatur- und Geschwindigkeitsstufen sowie die Cool-Shot-Funktion sorgen f\u00fcr kontrollierte und langanhaltende Ergebnisse bei unterschiedlichen Haartypen.<\/p>\t\t\t\t\t\t\t\t<\/div>\n\t\t\t\t<\/div>\n\t\t\t\t\t<\/div>\n\t\t<\/div>\n\t\t\t\t<div class=\"elementor-column elementor-col-50 elementor-inner-column elementor-element elementor-element-f25b97e\" data-id=\"f25b97e\" data-element_type=\"column\" data-e-type=\"column\">\n\t\t\t<div class=\"elementor-widget-wrap elementor-element-populated\">\n\t\t\t\t\t\t<div class=\"elementor-element elementor-element-4440afa elementor-widget elementor-widget-image\" data-id=\"4440afa\" data-element_type=\"widget\" data-e-type=\"widget\" data-widget_type=\"image.default\">\n\t\t\t\t<div class=\"elementor-widget-container\">\n\t\t\t\t\t\t\t\t\t\t\t\t<figure class=\"wp-caption\">\n\t\t\t\t\t\t\t\t\t\t\t<a href=\"https:\/\/www.svs-vertrieb.de\/art-S0335\">\n\t\t\t\t\t\t\t<img fetchpriority=\"high\" decoding=\"async\" width=\"800\" height=\"800\" src=\"https:\/\/svs-vertrieb.de\/home\/wp-content\/uploads\/multi-1024x1024.png\" class=\"attachment-large size-large wp-image-2633\" alt=\"\" srcset=\"https:\/\/svs-vertrieb.de\/home\/wp-content\/uploads\/multi-1024x1024.png 1024w, https:\/\/svs-vertrieb.de\/home\/wp-content\/uploads\/multi-300x300.png 300w, https:\/\/svs-vertrieb.de\/home\/wp-content\/uploads\/multi-150x150.png 150w, https:\/\/svs-vertrieb.de\/home\/wp-content\/uploads\/multi-768x768.png 768w, https:\/\/svs-vertrieb.de\/home\/wp-content\/uploads\/multi.png 1080w\" sizes=\"(max-width: 800px) 100vw, 800px\" \/>\t\t\t\t\t\t\t\t<\/a>\n\t\t\t\t\t\t\t\t\t\t\t<figcaption class=\"widget-image-caption wp-caption-text\">Der Solis StyleVolution Multi<\/figcaption>\n\t\t\t\t\t\t\t\t\t\t<\/figure>\n\t\t\t\t\t\t\t\t\t<\/div>\n\t\t\t\t<\/div>\n\t\t\t\t\t<\/div>\n\t\t<\/div>\n\t\t\t\t\t<\/div>\n\t\t<\/section>\n\t\t\t\t<div class=\"elementor-element elementor-element-2581170 elementor-widget elementor-widget-text-editor\" data-id=\"2581170\" data-element_type=\"widget\" data-e-type=\"widget\" data-widget_type=\"text-editor.default\">\n\t\t\t\t<div class=\"elementor-widget-container\">\n\t\t\t\t\t\t\t\t\t<p>Das durchdachte, faltbare Design macht den StyleVolution Multi besonders flexibel: Er kann sowohl als klassisches Styling-Tool als auch als kompakter Haartrockner eingesetzt werden. So entsteht eine vielseitige L\u00f6sung, die sich auch unterwegs praktisch nutzen l\u00e4sst. Das Secure-Lock-System sorgt dabei f\u00fcr einen sicheren Halt der Aufs\u00e4tze w\u00e4hrend der Anwendung.<\/p>\t\t\t\t\t\t\t\t<\/div>\n\t\t\t\t<\/div>\n\t\t\t\t<div class=\"elementor-element elementor-element-4b8100e elementor-widget elementor-widget-heading\" data-id=\"4b8100e\" data-element_type=\"widget\" data-e-type=\"widget\" data-widget_type=\"heading.default\">\n\t\t\t\t<div class=\"elementor-widget-container\">\n\t\t\t\t\t<h2 class=\"elementor-heading-title elementor-size-default\">Solis StyleVolution Flex: Pr\u00e4zision f\u00fcr kontrolliertes Styling<\/h2>\t\t\t\t<\/div>\n\t\t\t\t<\/div>\n\t\t\t\t\t<\/div>\n\t\t<\/div>\n\t\t\t\t\t<\/div>\n\t\t<\/section>\n\t\t\t\t<section class=\"elementor-section elementor-top-section elementor-element elementor-element-3b86667 elementor-section-boxed elementor-section-height-default elementor-section-height-default\" data-id=\"3b86667\" data-element_type=\"section\" data-e-type=\"section\">\n\t\t\t\t\t\t<div class=\"elementor-container elementor-column-gap-default\">\n\t\t\t\t\t<div class=\"elementor-column elementor-col-100 elementor-top-column elementor-element elementor-element-4ba6474\" data-id=\"4ba6474\" data-element_type=\"column\" data-e-type=\"column\">\n\t\t\t<div class=\"elementor-widget-wrap elementor-element-populated\">\n\t\t\t\t\t\t<section class=\"elementor-section elementor-inner-section elementor-element elementor-element-a15c1ad elementor-section-boxed elementor-section-height-default elementor-section-height-default\" data-id=\"a15c1ad\" data-element_type=\"section\" data-e-type=\"section\">\n\t\t\t\t\t\t<div class=\"elementor-container elementor-column-gap-default\">\n\t\t\t\t\t<div class=\"elementor-column elementor-col-50 elementor-inner-column elementor-element elementor-element-63122cf\" data-id=\"63122cf\" data-element_type=\"column\" data-e-type=\"column\">\n\t\t\t<div class=\"elementor-widget-wrap elementor-element-populated\">\n\t\t\t\t\t\t<div class=\"elementor-element elementor-element-33aebc7 elementor-widget elementor-widget-image\" data-id=\"33aebc7\" data-element_type=\"widget\" data-e-type=\"widget\" data-widget_type=\"image.default\">\n\t\t\t\t<div class=\"elementor-widget-container\">\n\t\t\t\t\t\t\t\t\t\t\t\t<figure class=\"wp-caption\">\n\t\t\t\t\t\t\t\t\t\t\t<a href=\"https:\/\/www.svs-vertrieb.de\/art-S0336\">\n\t\t\t\t\t\t\t<img decoding=\"async\" width=\"800\" height=\"800\" src=\"https:\/\/svs-vertrieb.de\/home\/wp-content\/uploads\/flex-1024x1024.png\" class=\"attachment-large size-large wp-image-2632\" alt=\"\" srcset=\"https:\/\/svs-vertrieb.de\/home\/wp-content\/uploads\/flex-1024x1024.png 1024w, https:\/\/svs-vertrieb.de\/home\/wp-content\/uploads\/flex-300x300.png 300w, https:\/\/svs-vertrieb.de\/home\/wp-content\/uploads\/flex-150x150.png 150w, https:\/\/svs-vertrieb.de\/home\/wp-content\/uploads\/flex-768x768.png 768w, https:\/\/svs-vertrieb.de\/home\/wp-content\/uploads\/flex.png 1080w\" sizes=\"(max-width: 800px) 100vw, 800px\" \/>\t\t\t\t\t\t\t\t<\/a>\n\t\t\t\t\t\t\t\t\t\t\t<figcaption class=\"widget-image-caption wp-caption-text\">Der Solis StyleVolution Flex<\/figcaption>\n\t\t\t\t\t\t\t\t\t\t<\/figure>\n\t\t\t\t\t\t\t\t\t<\/div>\n\t\t\t\t<\/div>\n\t\t\t\t\t<\/div>\n\t\t<\/div>\n\t\t\t\t<div class=\"elementor-column elementor-col-50 elementor-inner-column elementor-element elementor-element-9670493\" data-id=\"9670493\" data-element_type=\"column\" data-e-type=\"column\">\n\t\t\t<div class=\"elementor-widget-wrap elementor-element-populated\">\n\t\t\t\t\t\t<div class=\"elementor-element elementor-element-b56956e elementor-widget elementor-widget-text-editor\" data-id=\"b56956e\" data-element_type=\"widget\" data-e-type=\"widget\" data-widget_type=\"text-editor.default\">\n\t\t\t\t<div class=\"elementor-widget-container\">\n\t\t\t\t\t\t\t\t\t<p data-start=\"1561\" data-end=\"1798\">Der <a href=\"https:\/\/www.svs-vertrieb.de\/art-S0336\">Solis StyleVolution Flex<\/a> \u00fcberzeugt durch schnelle Aufheizzeit und pr\u00e4zise Kontrolle. F\u00fcnf Temperaturstufen erm\u00f6glichen eine gezielte Anpassung an unterschiedliche Haartypen \u2013 ein klarer Vorteil f\u00fcr ein schonendes und individuelles Styling.<\/p><p data-start=\"1800\" data-end=\"1979\">Keramikbeschichtete Platten sorgen f\u00fcr eine gleichm\u00e4\u00dfige W\u00e4rmeverteilung, w\u00e4hrend die integrierte Ionen-Technologie Frizz reduziert und f\u00fcr ein glattes, gl\u00e4nzendes Ergebnis sorgt.<\/p>\t\t\t\t\t\t\t\t<\/div>\n\t\t\t\t<\/div>\n\t\t\t\t\t<\/div>\n\t\t<\/div>\n\t\t\t\t\t<\/div>\n\t\t<\/section>\n\t\t\t\t<div class=\"elementor-element elementor-element-4833f8b elementor-widget elementor-widget-text-editor\" data-id=\"4833f8b\" data-element_type=\"widget\" data-e-type=\"widget\" data-widget_type=\"text-editor.default\">\n\t\t\t\t<div class=\"elementor-widget-container\">\n\t\t\t\t\t\t\t\t\t<p>Die Kombination aus schneller Aufheizzeit, handlicher Gr\u00f6\u00dfe und pr\u00e4ziser Anwendung macht den StyleVolution Flex zu einer zuverl\u00e4ssigen L\u00f6sung f\u00fcr den t\u00e4glichen Einsatz.<\/p>\t\t\t\t\t\t\t\t<\/div>\n\t\t\t\t<\/div>\n\t\t\t\t<div class=\"elementor-element elementor-element-205f9fa elementor-widget elementor-widget-heading\" data-id=\"205f9fa\" data-element_type=\"widget\" data-e-type=\"widget\" data-widget_type=\"heading.default\">\n\t\t\t\t<div class=\"elementor-widget-container\">\n\t\t\t\t\t<h2 class=\"elementor-heading-title elementor-size-default\">Zwei Ans\u00e4tze \u2013 ein gemeinsamer Anspruch<\/h2>\t\t\t\t<\/div>\n\t\t\t\t<\/div>\n\t\t\t\t<div class=\"elementor-element elementor-element-1148ccc elementor-widget elementor-widget-text-editor\" data-id=\"1148ccc\" data-element_type=\"widget\" data-e-type=\"widget\" data-widget_type=\"text-editor.default\">\n\t\t\t\t<div class=\"elementor-widget-container\">\n\t\t\t\t\t\t\t\t\t<p data-start=\"2204\" data-end=\"2417\">Ob vielseitige All-in-One-L\u00f6sung oder gezielte Anwendung f\u00fcr glatte und definierte Styles \u2013 beide Produkte stehen f\u00fcr durchdachte Funktionalit\u00e4t, hochwertige Verarbeitung und eine zuverl\u00e4ssige Anwendung im Alltag.<\/p><p data-start=\"2419\" data-end=\"2583\">Mit der <a href=\"https:\/\/www.svs-vertrieb.de\/Suche_stylevolution\">Solis StyleVolution Serie<\/a> bietet Solis L\u00f6sungen, die moderne Anforderungen im Haarstyling gezielt adressieren \u2013 klar in der Anwendung und \u00fcberzeugend im Ergebnis.<\/p>\t\t\t\t\t\t\t\t<\/div>\n\t\t\t\t<\/div>\n\t\t\t\t\t<\/div>\n\t\t<\/div>\n\t\t\t\t\t<\/div>\n\t\t<\/section>\n\t\t\t\t<\/div>\n\t\t","protected":false},"excerpt":{"rendered":"<p>Multifunktionalit\u00e4t, Zeitersparnis und einfache Anwendung \u2013 genau diese Anforderungen pr\u00e4gen aktuell die Nachfrage im Haarstyling. Gleichzeitig legen Kunden zunehmend Wert auf hochwertige Verarbeitung und zuverl\u00e4ssige Ergebnisse im Alltag. Mit den neuen Solis StyleVolution Produkten erweitert Solis das Sortiment um zwei durchdachte Stylingl\u00f6sungen, die genau diese Anforderungen gezielt aufgreifen und unterschiedliche Bed\u00fcrfnisse im Styling klar abdecken. [&hellip;]<\/p>\n","protected":false},"author":4,"featured_media":2634,"comment_status":"open","ping_status":"open","sticky":false,"template":"","format":"standard","meta":{"_acf_changed":false,"inline_featured_image":false,"footnotes":""},"categories":[1],"tags":[],"class_list":["post-2630","post","type-post","status-publish","format-standard","has-post-thumbnail","hentry","category-news"],"acf":[],"yoast_head":"<!-- This site is optimized with the Yoast SEO plugin v27.2 - https:\/\/yoast.com\/product\/yoast-seo-wordpress\/ -->\n<title>Neue Stylingl\u00f6sungen von Solis f\u00fcr modernes Haarstyling - SVS \u2013 Vertrieb &amp; Service aus Leidenschaft<\/title>\n<meta name=\"robots\" content=\"index, follow, max-snippet:-1, max-image-preview:large, max-video-preview:-1\" \/>\n<link rel=\"canonical\" href=\"https:\/\/svs-vertrieb.de\/home\/news\/neue-stylingloesungen-von-solis-fuer-modernes-haarstyling\/\" \/>\n<meta property=\"og:locale\" content=\"de_DE\" \/>\n<meta property=\"og:type\" content=\"article\" \/>\n<meta property=\"og:title\" content=\"Neue Stylingl\u00f6sungen von Solis f\u00fcr modernes Haarstyling - SVS \u2013 Vertrieb &amp; Service aus Leidenschaft\" \/>\n<meta property=\"og:description\" content=\"Multifunktionalit\u00e4t, Zeitersparnis und einfache Anwendung \u2013 genau diese Anforderungen pr\u00e4gen aktuell die Nachfrage im Haarstyling. Gleichzeitig legen Kunden zunehmend Wert auf hochwertige Verarbeitung und zuverl\u00e4ssige Ergebnisse im Alltag. Mit den neuen Solis StyleVolution Produkten erweitert Solis das Sortiment um zwei durchdachte Stylingl\u00f6sungen, die genau diese Anforderungen gezielt aufgreifen und unterschiedliche Bed\u00fcrfnisse im Styling klar abdecken. [&hellip;]\" \/>\n<meta property=\"og:url\" content=\"https:\/\/svs-vertrieb.de\/home\/news\/neue-stylingloesungen-von-solis-fuer-modernes-haarstyling\/\" \/>\n<meta property=\"og:site_name\" content=\"SVS \u2013 Vertrieb &amp; Service aus Leidenschaft\" \/>\n<meta property=\"article:published_time\" content=\"2026-04-22T12:23:07+00:00\" \/>\n<meta property=\"article:modified_time\" content=\"2026-04-22T12:25:58+00:00\" \/>\n<meta property=\"og:image\" content=\"https:\/\/svs-vertrieb.de\/home\/wp-content\/uploads\/SVS-Blog-Header-1344x896px-1-1.png\" \/>\n\t<meta property=\"og:image:width\" content=\"1344\" \/>\n\t<meta property=\"og:image:height\" content=\"896\" \/>\n\t<meta property=\"og:image:type\" content=\"image\/png\" \/>\n<meta name=\"author\" content=\"Carina Dannehl\" \/>\n<meta name=\"twitter:card\" content=\"summary_large_image\" \/>\n<meta name=\"twitter:label1\" content=\"Verfasst von\" \/>\n\t<meta name=\"twitter:data1\" content=\"Carina Dannehl\" \/>\n\t<meta name=\"twitter:label2\" content=\"Gesch\u00e4tzte Lesezeit\" \/>\n\t<meta name=\"twitter:data2\" content=\"3\u00a0Minuten\" \/>\n<script type=\"application\/ld+json\" class=\"yoast-schema-graph\">{\"@context\":\"https:\/\/schema.org\",\"@graph\":[{\"@type\":\"Article\",\"@id\":\"https:\/\/svs-vertrieb.de\/home\/news\/neue-stylingloesungen-von-solis-fuer-modernes-haarstyling\/#article\",\"isPartOf\":{\"@id\":\"https:\/\/svs-vertrieb.de\/home\/news\/neue-stylingloesungen-von-solis-fuer-modernes-haarstyling\/\"},\"author\":{\"name\":\"Carina Dannehl\",\"@id\":\"https:\/\/svs-vertrieb.de\/home\/#\/schema\/person\/5f27bfad3e7370a2e05730cd0a1cea9b\"},\"headline\":\"Neue Stylingl\u00f6sungen von Solis f\u00fcr modernes Haarstyling\",\"datePublished\":\"2026-04-22T12:23:07+00:00\",\"dateModified\":\"2026-04-22T12:25:58+00:00\",\"mainEntityOfPage\":{\"@id\":\"https:\/\/svs-vertrieb.de\/home\/news\/neue-stylingloesungen-von-solis-fuer-modernes-haarstyling\/\"},\"wordCount\":344,\"commentCount\":0,\"image\":{\"@id\":\"https:\/\/svs-vertrieb.de\/home\/news\/neue-stylingloesungen-von-solis-fuer-modernes-haarstyling\/#primaryimage\"},\"thumbnailUrl\":\"https:\/\/svs-vertrieb.de\/home\/wp-content\/uploads\/SVS-Blog-Header-1344x896px-1-1.png\",\"articleSection\":[\"News\"],\"inLanguage\":\"de\",\"potentialAction\":[{\"@type\":\"CommentAction\",\"name\":\"Comment\",\"target\":[\"https:\/\/svs-vertrieb.de\/home\/news\/neue-stylingloesungen-von-solis-fuer-modernes-haarstyling\/#respond\"]}]},{\"@type\":\"WebPage\",\"@id\":\"https:\/\/svs-vertrieb.de\/home\/news\/neue-stylingloesungen-von-solis-fuer-modernes-haarstyling\/\",\"url\":\"https:\/\/svs-vertrieb.de\/home\/news\/neue-stylingloesungen-von-solis-fuer-modernes-haarstyling\/\",\"name\":\"Neue Stylingl\u00f6sungen von Solis f\u00fcr modernes Haarstyling - SVS \u2013 Vertrieb &amp; Service aus Leidenschaft\",\"isPartOf\":{\"@id\":\"https:\/\/svs-vertrieb.de\/home\/#website\"},\"primaryImageOfPage\":{\"@id\":\"https:\/\/svs-vertrieb.de\/home\/news\/neue-stylingloesungen-von-solis-fuer-modernes-haarstyling\/#primaryimage\"},\"image\":{\"@id\":\"https:\/\/svs-vertrieb.de\/home\/news\/neue-stylingloesungen-von-solis-fuer-modernes-haarstyling\/#primaryimage\"},\"thumbnailUrl\":\"https:\/\/svs-vertrieb.de\/home\/wp-content\/uploads\/SVS-Blog-Header-1344x896px-1-1.png\",\"datePublished\":\"2026-04-22T12:23:07+00:00\",\"dateModified\":\"2026-04-22T12:25:58+00:00\",\"author\":{\"@id\":\"https:\/\/svs-vertrieb.de\/home\/#\/schema\/person\/5f27bfad3e7370a2e05730cd0a1cea9b\"},\"breadcrumb\":{\"@id\":\"https:\/\/svs-vertrieb.de\/home\/news\/neue-stylingloesungen-von-solis-fuer-modernes-haarstyling\/#breadcrumb\"},\"inLanguage\":\"de\",\"potentialAction\":[{\"@type\":\"ReadAction\",\"target\":[\"https:\/\/svs-vertrieb.de\/home\/news\/neue-stylingloesungen-von-solis-fuer-modernes-haarstyling\/\"]}]},{\"@type\":\"ImageObject\",\"inLanguage\":\"de\",\"@id\":\"https:\/\/svs-vertrieb.de\/home\/news\/neue-stylingloesungen-von-solis-fuer-modernes-haarstyling\/#primaryimage\",\"url\":\"https:\/\/svs-vertrieb.de\/home\/wp-content\/uploads\/SVS-Blog-Header-1344x896px-1-1.png\",\"contentUrl\":\"https:\/\/svs-vertrieb.de\/home\/wp-content\/uploads\/SVS-Blog-Header-1344x896px-1-1.png\",\"width\":1344,\"height\":896},{\"@type\":\"BreadcrumbList\",\"@id\":\"https:\/\/svs-vertrieb.de\/home\/news\/neue-stylingloesungen-von-solis-fuer-modernes-haarstyling\/#breadcrumb\",\"itemListElement\":[{\"@type\":\"ListItem\",\"position\":1,\"name\":\"Home\",\"item\":\"https:\/\/svs-vertrieb.de\/home\/\"},{\"@type\":\"ListItem\",\"position\":2,\"name\":\"Neue Stylingl\u00f6sungen von Solis f\u00fcr modernes Haarstyling\"}]},{\"@type\":\"WebSite\",\"@id\":\"https:\/\/svs-vertrieb.de\/home\/#website\",\"url\":\"https:\/\/svs-vertrieb.de\/home\/\",\"name\":\"SVS \u2013 Vertrieb &amp; Service aus Leidenschaft\",\"description\":\"Full-Service f\u00fcr den Fachhandel &amp; 360\u00b0 E-Commerce Partner f\u00fcr Marken\",\"potentialAction\":[{\"@type\":\"SearchAction\",\"target\":{\"@type\":\"EntryPoint\",\"urlTemplate\":\"https:\/\/svs-vertrieb.de\/home\/?s={search_term_string}\"},\"query-input\":{\"@type\":\"PropertyValueSpecification\",\"valueRequired\":true,\"valueName\":\"search_term_string\"}}],\"inLanguage\":\"de\"},{\"@type\":\"Person\",\"@id\":\"https:\/\/svs-vertrieb.de\/home\/#\/schema\/person\/5f27bfad3e7370a2e05730cd0a1cea9b\",\"name\":\"Carina Dannehl\",\"image\":{\"@type\":\"ImageObject\",\"inLanguage\":\"de\",\"@id\":\"https:\/\/secure.gravatar.com\/avatar\/60ba6fc5429c4fb17999c57e245eed3d375696423c22911b9100c47b8e5c1a52?s=96&r=g\",\"url\":\"https:\/\/secure.gravatar.com\/avatar\/60ba6fc5429c4fb17999c57e245eed3d375696423c22911b9100c47b8e5c1a52?s=96&r=g\",\"contentUrl\":\"https:\/\/secure.gravatar.com\/avatar\/60ba6fc5429c4fb17999c57e245eed3d375696423c22911b9100c47b8e5c1a52?s=96&r=g\",\"caption\":\"Carina Dannehl\"},\"url\":\"https:\/\/svs-vertrieb.de\/home\/author\/carinadannehl\/\"}]}<\/script>\n<!-- \/ Yoast SEO plugin. -->","yoast_head_json":{"title":"Neue Stylingl\u00f6sungen von Solis f\u00fcr modernes Haarstyling - SVS \u2013 Vertrieb &amp; Service aus Leidenschaft","robots":{"index":"index","follow":"follow","max-snippet":"max-snippet:-1","max-image-preview":"max-image-preview:large","max-video-preview":"max-video-preview:-1"},"canonical":"https:\/\/svs-vertrieb.de\/home\/news\/neue-stylingloesungen-von-solis-fuer-modernes-haarstyling\/","og_locale":"de_DE","og_type":"article","og_title":"Neue Stylingl\u00f6sungen von Solis f\u00fcr modernes Haarstyling - SVS \u2013 Vertrieb &amp; Service aus Leidenschaft","og_description":"Multifunktionalit\u00e4t, Zeitersparnis und einfache Anwendung \u2013 genau diese Anforderungen pr\u00e4gen aktuell die Nachfrage im Haarstyling. Gleichzeitig legen Kunden zunehmend Wert auf hochwertige Verarbeitung und zuverl\u00e4ssige Ergebnisse im Alltag. Mit den neuen Solis StyleVolution Produkten erweitert Solis das Sortiment um zwei durchdachte Stylingl\u00f6sungen, die genau diese Anforderungen gezielt aufgreifen und unterschiedliche Bed\u00fcrfnisse im Styling klar abdecken. [&hellip;]","og_url":"https:\/\/svs-vertrieb.de\/home\/news\/neue-stylingloesungen-von-solis-fuer-modernes-haarstyling\/","og_site_name":"SVS \u2013 Vertrieb &amp; Service aus Leidenschaft","article_published_time":"2026-04-22T12:23:07+00:00","article_modified_time":"2026-04-22T12:25:58+00:00","og_image":[{"width":1344,"height":896,"url":"https:\/\/svs-vertrieb.de\/home\/wp-content\/uploads\/SVS-Blog-Header-1344x896px-1-1.png","type":"image\/png"}],"author":"Carina Dannehl","twitter_card":"summary_large_image","twitter_misc":{"Verfasst von":"Carina Dannehl","Gesch\u00e4tzte Lesezeit":"3\u00a0Minuten"},"schema":{"@context":"https:\/\/schema.org","@graph":[{"@type":"Article","@id":"https:\/\/svs-vertrieb.de\/home\/news\/neue-stylingloesungen-von-solis-fuer-modernes-haarstyling\/#article","isPartOf":{"@id":"https:\/\/svs-vertrieb.de\/home\/news\/neue-stylingloesungen-von-solis-fuer-modernes-haarstyling\/"},"author":{"name":"Carina Dannehl","@id":"https:\/\/svs-vertrieb.de\/home\/#\/schema\/person\/5f27bfad3e7370a2e05730cd0a1cea9b"},"headline":"Neue Stylingl\u00f6sungen von Solis f\u00fcr modernes Haarstyling","datePublished":"2026-04-22T12:23:07+00:00","dateModified":"2026-04-22T12:25:58+00:00","mainEntityOfPage":{"@id":"https:\/\/svs-vertrieb.de\/home\/news\/neue-stylingloesungen-von-solis-fuer-modernes-haarstyling\/"},"wordCount":344,"commentCount":0,"image":{"@id":"https:\/\/svs-vertrieb.de\/home\/news\/neue-stylingloesungen-von-solis-fuer-modernes-haarstyling\/#primaryimage"},"thumbnailUrl":"https:\/\/svs-vertrieb.de\/home\/wp-content\/uploads\/SVS-Blog-Header-1344x896px-1-1.png","articleSection":["News"],"inLanguage":"de","potentialAction":[{"@type":"CommentAction","name":"Comment","target":["https:\/\/svs-vertrieb.de\/home\/news\/neue-stylingloesungen-von-solis-fuer-modernes-haarstyling\/#respond"]}]},{"@type":"WebPage","@id":"https:\/\/svs-vertrieb.de\/home\/news\/neue-stylingloesungen-von-solis-fuer-modernes-haarstyling\/","url":"https:\/\/svs-vertrieb.de\/home\/news\/neue-stylingloesungen-von-solis-fuer-modernes-haarstyling\/","name":"Neue Stylingl\u00f6sungen von Solis f\u00fcr modernes Haarstyling - SVS \u2013 Vertrieb &amp; Service aus Leidenschaft","isPartOf":{"@id":"https:\/\/svs-vertrieb.de\/home\/#website"},"primaryImageOfPage":{"@id":"https:\/\/svs-vertrieb.de\/home\/news\/neue-stylingloesungen-von-solis-fuer-modernes-haarstyling\/#primaryimage"},"image":{"@id":"https:\/\/svs-vertrieb.de\/home\/news\/neue-stylingloesungen-von-solis-fuer-modernes-haarstyling\/#primaryimage"},"thumbnailUrl":"https:\/\/svs-vertrieb.de\/home\/wp-content\/uploads\/SVS-Blog-Header-1344x896px-1-1.png","datePublished":"2026-04-22T12:23:07+00:00","dateModified":"2026-04-22T12:25:58+00:00","author":{"@id":"https:\/\/svs-vertrieb.de\/home\/#\/schema\/person\/5f27bfad3e7370a2e05730cd0a1cea9b"},"breadcrumb":{"@id":"https:\/\/svs-vertrieb.de\/home\/news\/neue-stylingloesungen-von-solis-fuer-modernes-haarstyling\/#breadcrumb"},"inLanguage":"de","potentialAction":[{"@type":"ReadAction","target":["https:\/\/svs-vertrieb.de\/home\/news\/neue-stylingloesungen-von-solis-fuer-modernes-haarstyling\/"]}]},{"@type":"ImageObject","inLanguage":"de","@id":"https:\/\/svs-vertrieb.de\/home\/news\/neue-stylingloesungen-von-solis-fuer-modernes-haarstyling\/#primaryimage","url":"https:\/\/svs-vertrieb.de\/home\/wp-content\/uploads\/SVS-Blog-Header-1344x896px-1-1.png","contentUrl":"https:\/\/svs-vertrieb.de\/home\/wp-content\/uploads\/SVS-Blog-Header-1344x896px-1-1.png","width":1344,"height":896},{"@type":"BreadcrumbList","@id":"https:\/\/svs-vertrieb.de\/home\/news\/neue-stylingloesungen-von-solis-fuer-modernes-haarstyling\/#breadcrumb","itemListElement":[{"@type":"ListItem","position":1,"name":"Home","item":"https:\/\/svs-vertrieb.de\/home\/"},{"@type":"ListItem","position":2,"name":"Neue Stylingl\u00f6sungen von Solis f\u00fcr modernes Haarstyling"}]},{"@type":"WebSite","@id":"https:\/\/svs-vertrieb.de\/home\/#website","url":"https:\/\/svs-vertrieb.de\/home\/","name":"SVS \u2013 Vertrieb &amp; Service aus Leidenschaft","description":"Full-Service f\u00fcr den Fachhandel &amp; 360\u00b0 E-Commerce Partner f\u00fcr Marken","potentialAction":[{"@type":"SearchAction","target":{"@type":"EntryPoint","urlTemplate":"https:\/\/svs-vertrieb.de\/home\/?s={search_term_string}"},"query-input":{"@type":"PropertyValueSpecification","valueRequired":true,"valueName":"search_term_string"}}],"inLanguage":"de"},{"@type":"Person","@id":"https:\/\/svs-vertrieb.de\/home\/#\/schema\/person\/5f27bfad3e7370a2e05730cd0a1cea9b","name":"Carina Dannehl","image":{"@type":"ImageObject","inLanguage":"de","@id":"https:\/\/secure.gravatar.com\/avatar\/60ba6fc5429c4fb17999c57e245eed3d375696423c22911b9100c47b8e5c1a52?s=96&r=g","url":"https:\/\/secure.gravatar.com\/avatar\/60ba6fc5429c4fb17999c57e245eed3d375696423c22911b9100c47b8e5c1a52?s=96&r=g","contentUrl":"https:\/\/secure.gravatar.com\/avatar\/60ba6fc5429c4fb17999c57e245eed3d375696423c22911b9100c47b8e5c1a52?s=96&r=g","caption":"Carina Dannehl"},"url":"https:\/\/svs-vertrieb.de\/home\/author\/carinadannehl\/"}]}},"_links":{"self":[{"href":"https:\/\/svs-vertrieb.de\/home\/wp-json\/wp\/v2\/posts\/2630","targetHints":{"allow":["GET"]}}],"collection":[{"href":"https:\/\/svs-vertrieb.de\/home\/wp-json\/wp\/v2\/posts"}],"about":[{"href":"https:\/\/svs-vertrieb.de\/home\/wp-json\/wp\/v2\/types\/post"}],"author":[{"embeddable":true,"href":"https:\/\/svs-vertrieb.de\/home\/wp-json\/wp\/v2\/users\/4"}],"replies":[{"embeddable":true,"href":"https:\/\/svs-vertrieb.de\/home\/wp-json\/wp\/v2\/comments?post=2630"}],"version-history":[{"count":13,"href":"https:\/\/svs-vertrieb.de\/home\/wp-json\/wp\/v2\/posts\/2630\/revisions"}],"predecessor-version":[{"id":2648,"href":"https:\/\/svs-vertrieb.de\/home\/wp-json\/wp\/v2\/posts\/2630\/revisions\/2648"}],"wp:featuredmedia":[{"embeddable":true,"href":"https:\/\/svs-vertrieb.de\/home\/wp-json\/wp\/v2\/media\/2634"}],"wp:attachment":[{"href":"https:\/\/svs-vertrieb.de\/home\/wp-json\/wp\/v2\/media?parent=2630"}],"wp:term":[{"taxonomy":"category","embeddable":true,"href":"https:\/\/svs-vertrieb.de\/home\/wp-json\/wp\/v2\/categories?post=2630"},{"taxonomy":"post_tag","embeddable":true,"href":"https:\/\/svs-vertrieb.de\/home\/wp-json\/wp\/v2\/tags?post=2630"}],"curies":[{"name":"wp","href":"https:\/\/api.w.org\/{rel}","templated":true}]}}