{"id":918,"date":"2023-03-16T14:25:19","date_gmt":"2023-03-16T13:25:19","guid":{"rendered":"https:\/\/lmmi.de\/?p=918"},"modified":"2023-06-22T14:26:04","modified_gmt":"2023-06-22T12:26:04","slug":"solis-elektrogrills-fuer-die-grillsaison-2023","status":"publish","type":"post","link":"https:\/\/svs-vertrieb.de\/home\/news\/newsletter\/solis-elektrogrills-fuer-die-grillsaison-2023\/","title":{"rendered":"Solis Elektrogrills f\u00fcr die Grillsaison 2023"},"content":{"rendered":"<p>Mit den steigenden Temperaturen steigt auch die Lust aufs Grillen! Ob Balkon, Terrasse oder Garten \u2013 mit den Elektrogrills von Solis lassen sich die k\u00f6stlichsten Grillmen\u00fcs zaubern. Und im Falle eines Fr\u00fchlingsregens geht es einfach drinnen weiter!<\/p>\n<p>Dabei legen wir gemeinsam mit Solis auch besondern Wert auf die Vielseitigkeit der Anwendungsm\u00f6glichkeiten: traditionelles Grillgut, experimentelle Rezepte, Pizza, Asiatitsch, Crepes, Raclette uvm.<\/p>\n<p><b>Entdecken Sie jetzt die hochwertigen Grills von Solis \u2013 exklusiv bei SVS!<\/b><\/p>\n","protected":false},"excerpt":{"rendered":"<p>Mit den steigenden Temperaturen steigt auch die Lust aufs Grillen! Ob Balkon, Terrasse oder Garten \u2013 mit den Elektrogrills von Solis lassen sich die k\u00f6stlichsten Grillmen\u00fcs zaubern. Und im Falle eines Fr\u00fchlingsregens geht es einfach drinnen weiter! Dabei legen wir gemeinsam mit Solis auch besondern Wert auf die Vielseitigkeit der Anwendungsm\u00f6glichkeiten: traditionelles Grillgut, experimentelle Rezepte, [&hellip;]<\/p>\n","protected":false},"author":1,"featured_media":919,"comment_status":"open","ping_status":"open","sticky":false,"template":"","format":"standard","meta":{"_acf_changed":false,"inline_featured_image":false,"footnotes":""},"categories":[1,9],"tags":[],"class_list":["post-918","post","type-post","status-publish","format-standard","has-post-thumbnail","hentry","category-news","category-newsletter"],"acf":[],"yoast_head":"<!-- This site is optimized with the Yoast SEO plugin v27.2 - https:\/\/yoast.com\/product\/yoast-seo-wordpress\/ -->\n<title>Solis Elektrogrills f\u00fcr die Grillsaison 2023 - SVS \u2013 Vertrieb &amp; Service aus Leidenschaft<\/title>\n<meta name=\"robots\" content=\"index, follow, max-snippet:-1, max-image-preview:large, max-video-preview:-1\" \/>\n<link rel=\"canonical\" href=\"https:\/\/svs-vertrieb.de\/home\/news\/newsletter\/solis-elektrogrills-fuer-die-grillsaison-2023\/\" \/>\n<meta property=\"og:locale\" content=\"de_DE\" \/>\n<meta property=\"og:type\" content=\"article\" \/>\n<meta property=\"og:title\" content=\"Solis Elektrogrills f\u00fcr die Grillsaison 2023 - SVS \u2013 Vertrieb &amp; Service aus Leidenschaft\" \/>\n<meta property=\"og:description\" content=\"Mit den steigenden Temperaturen steigt auch die Lust aufs Grillen! Ob Balkon, Terrasse oder Garten \u2013 mit den Elektrogrills von Solis lassen sich die k\u00f6stlichsten Grillmen\u00fcs zaubern. Und im Falle eines Fr\u00fchlingsregens geht es einfach drinnen weiter! Dabei legen wir gemeinsam mit Solis auch besondern Wert auf die Vielseitigkeit der Anwendungsm\u00f6glichkeiten: traditionelles Grillgut, experimentelle Rezepte, [&hellip;]\" \/>\n<meta property=\"og:url\" content=\"https:\/\/svs-vertrieb.de\/home\/news\/newsletter\/solis-elektrogrills-fuer-die-grillsaison-2023\/\" \/>\n<meta property=\"og:site_name\" content=\"SVS \u2013 Vertrieb &amp; Service aus Leidenschaft\" \/>\n<meta property=\"article:published_time\" content=\"2023-03-16T13:25:19+00:00\" \/>\n<meta property=\"article:modified_time\" content=\"2023-06-22T12:26:04+00:00\" \/>\n<meta property=\"og:image\" content=\"https:\/\/svs-vertrieb.de\/home\/wp-content\/uploads\/SVS_Newsletter_Header_230316.jpg\" \/>\n\t<meta property=\"og:image:width\" content=\"1200\" \/>\n\t<meta property=\"og:image:height\" content=\"627\" \/>\n\t<meta property=\"og:image:type\" content=\"image\/jpeg\" \/>\n<meta name=\"author\" content=\"morgentreu\" \/>\n<meta name=\"twitter:card\" content=\"summary_large_image\" \/>\n<meta name=\"twitter:label1\" content=\"Verfasst von\" \/>\n\t<meta name=\"twitter:data1\" content=\"morgentreu\" \/>\n\t<meta name=\"twitter:label2\" content=\"Gesch\u00e4tzte Lesezeit\" \/>\n\t<meta name=\"twitter:data2\" content=\"1\u00a0Minute\" \/>\n<script type=\"application\/ld+json\" class=\"yoast-schema-graph\">{\"@context\":\"https:\/\/schema.org\",\"@graph\":[{\"@type\":\"Article\",\"@id\":\"https:\/\/svs-vertrieb.de\/home\/news\/newsletter\/solis-elektrogrills-fuer-die-grillsaison-2023\/#article\",\"isPartOf\":{\"@id\":\"https:\/\/svs-vertrieb.de\/home\/news\/newsletter\/solis-elektrogrills-fuer-die-grillsaison-2023\/\"},\"author\":{\"name\":\"morgentreu\",\"@id\":\"https:\/\/svs-vertrieb.de\/home\/#\/schema\/person\/22d41bc3652991d4ed9b56b9437006ba\"},\"headline\":\"Solis Elektrogrills f\u00fcr die Grillsaison 2023\",\"datePublished\":\"2023-03-16T13:25:19+00:00\",\"dateModified\":\"2023-06-22T12:26:04+00:00\",\"mainEntityOfPage\":{\"@id\":\"https:\/\/svs-vertrieb.de\/home\/news\/newsletter\/solis-elektrogrills-fuer-die-grillsaison-2023\/\"},\"wordCount\":80,\"commentCount\":0,\"image\":{\"@id\":\"https:\/\/svs-vertrieb.de\/home\/news\/newsletter\/solis-elektrogrills-fuer-die-grillsaison-2023\/#primaryimage\"},\"thumbnailUrl\":\"https:\/\/svs-vertrieb.de\/home\/wp-content\/uploads\/SVS_Newsletter_Header_230316.jpg\",\"articleSection\":[\"News\",\"Newsletter\"],\"inLanguage\":\"de\",\"potentialAction\":[{\"@type\":\"CommentAction\",\"name\":\"Comment\",\"target\":[\"https:\/\/svs-vertrieb.de\/home\/news\/newsletter\/solis-elektrogrills-fuer-die-grillsaison-2023\/#respond\"]}]},{\"@type\":\"WebPage\",\"@id\":\"https:\/\/svs-vertrieb.de\/home\/news\/newsletter\/solis-elektrogrills-fuer-die-grillsaison-2023\/\",\"url\":\"https:\/\/svs-vertrieb.de\/home\/news\/newsletter\/solis-elektrogrills-fuer-die-grillsaison-2023\/\",\"name\":\"Solis Elektrogrills f\u00fcr die Grillsaison 2023 - SVS \u2013 Vertrieb &amp; Service aus Leidenschaft\",\"isPartOf\":{\"@id\":\"https:\/\/svs-vertrieb.de\/home\/#website\"},\"primaryImageOfPage\":{\"@id\":\"https:\/\/svs-vertrieb.de\/home\/news\/newsletter\/solis-elektrogrills-fuer-die-grillsaison-2023\/#primaryimage\"},\"image\":{\"@id\":\"https:\/\/svs-vertrieb.de\/home\/news\/newsletter\/solis-elektrogrills-fuer-die-grillsaison-2023\/#primaryimage\"},\"thumbnailUrl\":\"https:\/\/svs-vertrieb.de\/home\/wp-content\/uploads\/SVS_Newsletter_Header_230316.jpg\",\"datePublished\":\"2023-03-16T13:25:19+00:00\",\"dateModified\":\"2023-06-22T12:26:04+00:00\",\"author\":{\"@id\":\"https:\/\/svs-vertrieb.de\/home\/#\/schema\/person\/22d41bc3652991d4ed9b56b9437006ba\"},\"breadcrumb\":{\"@id\":\"https:\/\/svs-vertrieb.de\/home\/news\/newsletter\/solis-elektrogrills-fuer-die-grillsaison-2023\/#breadcrumb\"},\"inLanguage\":\"de\",\"potentialAction\":[{\"@type\":\"ReadAction\",\"target\":[\"https:\/\/svs-vertrieb.de\/home\/news\/newsletter\/solis-elektrogrills-fuer-die-grillsaison-2023\/\"]}]},{\"@type\":\"ImageObject\",\"inLanguage\":\"de\",\"@id\":\"https:\/\/svs-vertrieb.de\/home\/news\/newsletter\/solis-elektrogrills-fuer-die-grillsaison-2023\/#primaryimage\",\"url\":\"https:\/\/svs-vertrieb.de\/home\/wp-content\/uploads\/SVS_Newsletter_Header_230316.jpg\",\"contentUrl\":\"https:\/\/svs-vertrieb.de\/home\/wp-content\/uploads\/SVS_Newsletter_Header_230316.jpg\",\"width\":1200,\"height\":627},{\"@type\":\"BreadcrumbList\",\"@id\":\"https:\/\/svs-vertrieb.de\/home\/news\/newsletter\/solis-elektrogrills-fuer-die-grillsaison-2023\/#breadcrumb\",\"itemListElement\":[{\"@type\":\"ListItem\",\"position\":1,\"name\":\"Home\",\"item\":\"https:\/\/svs-vertrieb.de\/home\/\"},{\"@type\":\"ListItem\",\"position\":2,\"name\":\"Solis Elektrogrills f\u00fcr die Grillsaison 2023\"}]},{\"@type\":\"WebSite\",\"@id\":\"https:\/\/svs-vertrieb.de\/home\/#website\",\"url\":\"https:\/\/svs-vertrieb.de\/home\/\",\"name\":\"SVS \u2013 Vertrieb &amp; Service aus Leidenschaft\",\"description\":\"Full-Service f\u00fcr den Fachhandel &amp; 360\u00b0 E-Commerce Partner f\u00fcr Marken\",\"potentialAction\":[{\"@type\":\"SearchAction\",\"target\":{\"@type\":\"EntryPoint\",\"urlTemplate\":\"https:\/\/svs-vertrieb.de\/home\/?s={search_term_string}\"},\"query-input\":{\"@type\":\"PropertyValueSpecification\",\"valueRequired\":true,\"valueName\":\"search_term_string\"}}],\"inLanguage\":\"de\"},{\"@type\":\"Person\",\"@id\":\"https:\/\/svs-vertrieb.de\/home\/#\/schema\/person\/22d41bc3652991d4ed9b56b9437006ba\",\"name\":\"morgentreu\",\"image\":{\"@type\":\"ImageObject\",\"inLanguage\":\"de\",\"@id\":\"https:\/\/secure.gravatar.com\/avatar\/ac61b4ce68328db91323bfd3a0c31bb73b9dc1f1ec3bc76f18cf78afab52e08e?s=96&r=g\",\"url\":\"https:\/\/secure.gravatar.com\/avatar\/ac61b4ce68328db91323bfd3a0c31bb73b9dc1f1ec3bc76f18cf78afab52e08e?s=96&r=g\",\"contentUrl\":\"https:\/\/secure.gravatar.com\/avatar\/ac61b4ce68328db91323bfd3a0c31bb73b9dc1f1ec3bc76f18cf78afab52e08e?s=96&r=g\",\"caption\":\"morgentreu\"},\"sameAs\":[\"http:\/\/lmmi.de\"],\"url\":\"https:\/\/svs-vertrieb.de\/home\/author\/morgentreu\/\"}]}<\/script>\n<!-- \/ Yoast SEO plugin. -->","yoast_head_json":{"title":"Solis Elektrogrills f\u00fcr die Grillsaison 2023 - SVS \u2013 Vertrieb &amp; Service aus Leidenschaft","robots":{"index":"index","follow":"follow","max-snippet":"max-snippet:-1","max-image-preview":"max-image-preview:large","max-video-preview":"max-video-preview:-1"},"canonical":"https:\/\/svs-vertrieb.de\/home\/news\/newsletter\/solis-elektrogrills-fuer-die-grillsaison-2023\/","og_locale":"de_DE","og_type":"article","og_title":"Solis Elektrogrills f\u00fcr die Grillsaison 2023 - SVS \u2013 Vertrieb &amp; Service aus Leidenschaft","og_description":"Mit den steigenden Temperaturen steigt auch die Lust aufs Grillen! Ob Balkon, Terrasse oder Garten \u2013 mit den Elektrogrills von Solis lassen sich die k\u00f6stlichsten Grillmen\u00fcs zaubern. Und im Falle eines Fr\u00fchlingsregens geht es einfach drinnen weiter! Dabei legen wir gemeinsam mit Solis auch besondern Wert auf die Vielseitigkeit der Anwendungsm\u00f6glichkeiten: traditionelles Grillgut, experimentelle Rezepte, [&hellip;]","og_url":"https:\/\/svs-vertrieb.de\/home\/news\/newsletter\/solis-elektrogrills-fuer-die-grillsaison-2023\/","og_site_name":"SVS \u2013 Vertrieb &amp; Service aus Leidenschaft","article_published_time":"2023-03-16T13:25:19+00:00","article_modified_time":"2023-06-22T12:26:04+00:00","og_image":[{"width":1200,"height":627,"url":"https:\/\/svs-vertrieb.de\/home\/wp-content\/uploads\/SVS_Newsletter_Header_230316.jpg","type":"image\/jpeg"}],"author":"morgentreu","twitter_card":"summary_large_image","twitter_misc":{"Verfasst von":"morgentreu","Gesch\u00e4tzte Lesezeit":"1\u00a0Minute"},"schema":{"@context":"https:\/\/schema.org","@graph":[{"@type":"Article","@id":"https:\/\/svs-vertrieb.de\/home\/news\/newsletter\/solis-elektrogrills-fuer-die-grillsaison-2023\/#article","isPartOf":{"@id":"https:\/\/svs-vertrieb.de\/home\/news\/newsletter\/solis-elektrogrills-fuer-die-grillsaison-2023\/"},"author":{"name":"morgentreu","@id":"https:\/\/svs-vertrieb.de\/home\/#\/schema\/person\/22d41bc3652991d4ed9b56b9437006ba"},"headline":"Solis Elektrogrills f\u00fcr die Grillsaison 2023","datePublished":"2023-03-16T13:25:19+00:00","dateModified":"2023-06-22T12:26:04+00:00","mainEntityOfPage":{"@id":"https:\/\/svs-vertrieb.de\/home\/news\/newsletter\/solis-elektrogrills-fuer-die-grillsaison-2023\/"},"wordCount":80,"commentCount":0,"image":{"@id":"https:\/\/svs-vertrieb.de\/home\/news\/newsletter\/solis-elektrogrills-fuer-die-grillsaison-2023\/#primaryimage"},"thumbnailUrl":"https:\/\/svs-vertrieb.de\/home\/wp-content\/uploads\/SVS_Newsletter_Header_230316.jpg","articleSection":["News","Newsletter"],"inLanguage":"de","potentialAction":[{"@type":"CommentAction","name":"Comment","target":["https:\/\/svs-vertrieb.de\/home\/news\/newsletter\/solis-elektrogrills-fuer-die-grillsaison-2023\/#respond"]}]},{"@type":"WebPage","@id":"https:\/\/svs-vertrieb.de\/home\/news\/newsletter\/solis-elektrogrills-fuer-die-grillsaison-2023\/","url":"https:\/\/svs-vertrieb.de\/home\/news\/newsletter\/solis-elektrogrills-fuer-die-grillsaison-2023\/","name":"Solis Elektrogrills f\u00fcr die Grillsaison 2023 - SVS \u2013 Vertrieb &amp; Service aus Leidenschaft","isPartOf":{"@id":"https:\/\/svs-vertrieb.de\/home\/#website"},"primaryImageOfPage":{"@id":"https:\/\/svs-vertrieb.de\/home\/news\/newsletter\/solis-elektrogrills-fuer-die-grillsaison-2023\/#primaryimage"},"image":{"@id":"https:\/\/svs-vertrieb.de\/home\/news\/newsletter\/solis-elektrogrills-fuer-die-grillsaison-2023\/#primaryimage"},"thumbnailUrl":"https:\/\/svs-vertrieb.de\/home\/wp-content\/uploads\/SVS_Newsletter_Header_230316.jpg","datePublished":"2023-03-16T13:25:19+00:00","dateModified":"2023-06-22T12:26:04+00:00","author":{"@id":"https:\/\/svs-vertrieb.de\/home\/#\/schema\/person\/22d41bc3652991d4ed9b56b9437006ba"},"breadcrumb":{"@id":"https:\/\/svs-vertrieb.de\/home\/news\/newsletter\/solis-elektrogrills-fuer-die-grillsaison-2023\/#breadcrumb"},"inLanguage":"de","potentialAction":[{"@type":"ReadAction","target":["https:\/\/svs-vertrieb.de\/home\/news\/newsletter\/solis-elektrogrills-fuer-die-grillsaison-2023\/"]}]},{"@type":"ImageObject","inLanguage":"de","@id":"https:\/\/svs-vertrieb.de\/home\/news\/newsletter\/solis-elektrogrills-fuer-die-grillsaison-2023\/#primaryimage","url":"https:\/\/svs-vertrieb.de\/home\/wp-content\/uploads\/SVS_Newsletter_Header_230316.jpg","contentUrl":"https:\/\/svs-vertrieb.de\/home\/wp-content\/uploads\/SVS_Newsletter_Header_230316.jpg","width":1200,"height":627},{"@type":"BreadcrumbList","@id":"https:\/\/svs-vertrieb.de\/home\/news\/newsletter\/solis-elektrogrills-fuer-die-grillsaison-2023\/#breadcrumb","itemListElement":[{"@type":"ListItem","position":1,"name":"Home","item":"https:\/\/svs-vertrieb.de\/home\/"},{"@type":"ListItem","position":2,"name":"Solis Elektrogrills f\u00fcr die Grillsaison 2023"}]},{"@type":"WebSite","@id":"https:\/\/svs-vertrieb.de\/home\/#website","url":"https:\/\/svs-vertrieb.de\/home\/","name":"SVS \u2013 Vertrieb &amp; Service aus Leidenschaft","description":"Full-Service f\u00fcr den Fachhandel &amp; 360\u00b0 E-Commerce Partner f\u00fcr Marken","potentialAction":[{"@type":"SearchAction","target":{"@type":"EntryPoint","urlTemplate":"https:\/\/svs-vertrieb.de\/home\/?s={search_term_string}"},"query-input":{"@type":"PropertyValueSpecification","valueRequired":true,"valueName":"search_term_string"}}],"inLanguage":"de"},{"@type":"Person","@id":"https:\/\/svs-vertrieb.de\/home\/#\/schema\/person\/22d41bc3652991d4ed9b56b9437006ba","name":"morgentreu","image":{"@type":"ImageObject","inLanguage":"de","@id":"https:\/\/secure.gravatar.com\/avatar\/ac61b4ce68328db91323bfd3a0c31bb73b9dc1f1ec3bc76f18cf78afab52e08e?s=96&r=g","url":"https:\/\/secure.gravatar.com\/avatar\/ac61b4ce68328db91323bfd3a0c31bb73b9dc1f1ec3bc76f18cf78afab52e08e?s=96&r=g","contentUrl":"https:\/\/secure.gravatar.com\/avatar\/ac61b4ce68328db91323bfd3a0c31bb73b9dc1f1ec3bc76f18cf78afab52e08e?s=96&r=g","caption":"morgentreu"},"sameAs":["http:\/\/lmmi.de"],"url":"https:\/\/svs-vertrieb.de\/home\/author\/morgentreu\/"}]}},"_links":{"self":[{"href":"https:\/\/svs-vertrieb.de\/home\/wp-json\/wp\/v2\/posts\/918","targetHints":{"allow":["GET"]}}],"collection":[{"href":"https:\/\/svs-vertrieb.de\/home\/wp-json\/wp\/v2\/posts"}],"about":[{"href":"https:\/\/svs-vertrieb.de\/home\/wp-json\/wp\/v2\/types\/post"}],"author":[{"embeddable":true,"href":"https:\/\/svs-vertrieb.de\/home\/wp-json\/wp\/v2\/users\/1"}],"replies":[{"embeddable":true,"href":"https:\/\/svs-vertrieb.de\/home\/wp-json\/wp\/v2\/comments?post=918"}],"version-history":[{"count":1,"href":"https:\/\/svs-vertrieb.de\/home\/wp-json\/wp\/v2\/posts\/918\/revisions"}],"predecessor-version":[{"id":920,"href":"https:\/\/svs-vertrieb.de\/home\/wp-json\/wp\/v2\/posts\/918\/revisions\/920"}],"wp:featuredmedia":[{"embeddable":true,"href":"https:\/\/svs-vertrieb.de\/home\/wp-json\/wp\/v2\/media\/919"}],"wp:attachment":[{"href":"https:\/\/svs-vertrieb.de\/home\/wp-json\/wp\/v2\/media?parent=918"}],"wp:term":[{"taxonomy":"category","embeddable":true,"href":"https:\/\/svs-vertrieb.de\/home\/wp-json\/wp\/v2\/categories?post=918"},{"taxonomy":"post_tag","embeddable":true,"href":"https:\/\/svs-vertrieb.de\/home\/wp-json\/wp\/v2\/tags?post=918"}],"curies":[{"name":"wp","href":"https:\/\/api.w.org\/{rel}","templated":true}]}}